{"id":8869,"date":"2026-05-02T23:33:46","date_gmt":"2026-05-02T23:33:46","guid":{"rendered":"https:\/\/mediasud.tv\/?p=8869"},"modified":"2026-05-02T23:33:46","modified_gmt":"2026-05-02T23:33:46","slug":"inter-e-milan-il-nuovo-stadio-costera-piu-di-un-miliardo-come-sara-2","status":"publish","type":"post","link":"https:\/\/mediasud.tv\/?p=8869","title":{"rendered":"Inter e Milan, il nuovo stadio coster\u00e0 pi\u00f9 di un miliardo: come sar\u00e0"},"content":{"rendered":"","protected":false},"excerpt":{"rendered":"","protected":false},"author":1,"featured_media":0,"comment_status":"2025-03-25175213","ping_status":"open","sticky":false,"template":"","format":"standard","meta":{"footnotes":""},"categories":[1],"tags":[],"class_list":["post-8869","post","type-post","status-publish","format-standard","hentry","category-uncategorized"],"_links":{"self":[{"href":"https:\/\/mediasud.tv\/index.php?rest_route=\/wp\/v2\/posts\/8869","targetHints":{"allow":["GET"]}}],"collection":[{"href":"https:\/\/mediasud.tv\/index.php?rest_route=\/wp\/v2\/posts"}],"about":[{"href":"https:\/\/mediasud.tv\/index.php?rest_route=\/wp\/v2\/types\/post"}],"author":[{"embeddable":true,"href":"https:\/\/mediasud.tv\/index.php?rest_route=\/wp\/v2\/users\/1"}],"replies":[{"embeddable":true,"href":"https:\/\/mediasud.tv\/index.php?rest_route=%2Fwp%2Fv2%2Fcomments&post=8869"}],"version-history":[{"count":0,"href":"https:\/\/mediasud.tv\/index.php?rest_route=\/wp\/v2\/posts\/8869\/revisions"}],"wp:attachment":[{"href":"https:\/\/mediasud.tv\/index.php?rest_route=%2Fwp%2Fv2%2Fmedia&parent=8869"}],"wp:term":[{"taxonomy":"category","embeddable":true,"href":"https:\/\/mediasud.tv\/index.php?rest_route=%2Fwp%2Fv2%2Fcategories&post=8869"},{"taxonomy":"post_tag","embeddable":true,"href":"https:\/\/mediasud.tv\/index.php?rest_route=%2Fwp%2Fv2%2Ftags&post=8869"}],"curies":[{"name":"wp","href":"https:\/\/api.w.org\/{rel}","templated":true}]}}