{"id":8967,"date":"2026-05-03T12:24:36","date_gmt":"2026-05-03T12:24:36","guid":{"rendered":"https:\/\/mediasud.tv\/?p=8967"},"modified":"2026-05-03T13:37:04","modified_gmt":"2026-05-03T13:37:04","slug":"spronelli-soloaffitti-la-casa-non-e-piu-uno-status-symbol-i-giovani-preferiscono-la-mobilita-2","status":"publish","type":"post","link":"https:\/\/mediasud.tv\/?p=8967","title":{"rendered":"Spronelli (SoloAffitti): &#8220;La casa non \u00e8 pi\u00f9 uno status symbol, i giovani preferiscono la mobilit\u00e0&#8221;"},"content":{"rendered":"","protected":false},"excerpt":{"rendered":"","protected":false},"author":1,"featured_media":0,"comment_status":"2025-03-26145258","ping_status":"open","sticky":false,"template":"","format":"standard","meta":{"footnotes":""},"categories":[1],"tags":[],"class_list":["post-8967","post","type-post","status-publish","format-standard","hentry","category-uncategorized"],"_links":{"self":[{"href":"https:\/\/mediasud.tv\/index.php?rest_route=\/wp\/v2\/posts\/8967","targetHints":{"allow":["GET"]}}],"collection":[{"href":"https:\/\/mediasud.tv\/index.php?rest_route=\/wp\/v2\/posts"}],"about":[{"href":"https:\/\/mediasud.tv\/index.php?rest_route=\/wp\/v2\/types\/post"}],"author":[{"embeddable":true,"href":"https:\/\/mediasud.tv\/index.php?rest_route=\/wp\/v2\/users\/1"}],"replies":[{"embeddable":true,"href":"https:\/\/mediasud.tv\/index.php?rest_route=%2Fwp%2Fv2%2Fcomments&post=8967"}],"version-history":[{"count":1,"href":"https:\/\/mediasud.tv\/index.php?rest_route=\/wp\/v2\/posts\/8967\/revisions"}],"predecessor-version":[{"id":26972,"href":"https:\/\/mediasud.tv\/index.php?rest_route=\/wp\/v2\/posts\/8967\/revisions\/26972"}],"wp:attachment":[{"href":"https:\/\/mediasud.tv\/index.php?rest_route=%2Fwp%2Fv2%2Fmedia&parent=8967"}],"wp:term":[{"taxonomy":"category","embeddable":true,"href":"https:\/\/mediasud.tv\/index.php?rest_route=%2Fwp%2Fv2%2Fcategories&post=8967"},{"taxonomy":"post_tag","embeddable":true,"href":"https:\/\/mediasud.tv\/index.php?rest_route=%2Fwp%2Fv2%2Ftags&post=8967"}],"curies":[{"name":"wp","href":"https:\/\/api.w.org\/{rel}","templated":true}]}}